{"id":1780,"date":"2021-10-14T17:26:56","date_gmt":"2021-10-14T17:26:56","guid":{"rendered":"https:\/\/propanama.org\/?p=1780"},"modified":"2021-10-14T18:10:18","modified_gmt":"2021-10-14T18:10:18","slug":"propanama-participo-en-la-mision-comercial-a-bogota","status":"publish","type":"post","link":"https:\/\/propanama.org\/en\/propanama-participo-en-la-mision-comercial-a-bogota\/","title":{"rendered":"ProPanama particip\u00f3 en la Misi\u00f3n Comercial a Bogot\u00e1"},"content":{"rendered":"<div>La Misi\u00f3n Comercial organizada por la C\u00e1mara de Comercio e Industrias de Panam\u00e1 a Bogot\u00e1 fue un \u00e9xito total. Nuestra directora comercial la Lic. Alix Moyron Broce fue quien nos represent\u00f3 en tan prestigioso evento.<\/div>\n<div><\/div>\n<div><img loading=\"lazy\" decoding=\"async\" class=\"wp-image-1781 alignleft\" src=\"https:\/\/propanama.org\/wp-content\/uploads\/2021\/10\/Captura-de-Pantalla-2021-10-14-a-las-12.10.09-300x161.png\" alt=\"\" width=\"444\" height=\"238\" srcset=\"https:\/\/propanama.org\/wp-content\/uploads\/2021\/10\/Captura-de-Pantalla-2021-10-14-a-las-12.10.09-300x161.png 300w, https:\/\/propanama.org\/wp-content\/uploads\/2021\/10\/Captura-de-Pantalla-2021-10-14-a-las-12.10.09-1024x549.png 1024w, https:\/\/propanama.org\/wp-content\/uploads\/2021\/10\/Captura-de-Pantalla-2021-10-14-a-las-12.10.09-768x412.png 768w, https:\/\/propanama.org\/wp-content\/uploads\/2021\/10\/Captura-de-Pantalla-2021-10-14-a-las-12.10.09-1536x823.png 1536w, https:\/\/propanama.org\/wp-content\/uploads\/2021\/10\/Captura-de-Pantalla-2021-10-14-a-las-12.10.09-16x9.png 16w, https:\/\/propanama.org\/wp-content\/uploads\/2021\/10\/Captura-de-Pantalla-2021-10-14-a-las-12.10.09.png 1586w\" sizes=\"auto, (max-width: 444px) 100vw, 444px\" \/><\/div>\n<div><\/div>\n<div>La delegaci\u00f3n Paname\u00f1a tuvo acercamiento comercial con distinguidos empresarios de la C\u00e1mara de Comercio de Bogot\u00e1, C\u00e1mara del Pac\u00edfico, gremios y asociaciones colombianas tales como: <b>(FENALCO) <\/b>La Federaci\u00f3n Nacional de Comerciantes, <b>(ACOPI) <\/b>La Asociaci\u00f3n Colombiana de las Micro, Peque\u00f1as y Medianas Empresas, y la\u00a0<b>(CCCE) <\/b>C\u00e1mara Colombiana de Comercio Electr\u00f3nico, quienes hicieron de esta misi\u00f3n un caluroso encuentro lleno de oportunidades y alianzas para Panam\u00e1 y Colombia.<\/div>\n<div><\/div>\n<div>\n<p>El objetivo principal de la misi\u00f3n fue promover las oportunidades e incentivos de inversi\u00f3n de Panam\u00e1 a potenciales inversionistas y altos ejecutivos en sectores como el log\u00edstico, digital, turismo, energ\u00e9tico, inmobiliario, construcci\u00f3n y los diferentes programas migratorios para inversionistas.<span class=\"gmail-Apple-converted-space\">\u00a0<\/span><\/p>\n<p><span class=\"gmail-Apple-converted-space\">ProPanama particip\u00f3 activamente en hacer del objetivo principal una realidad, \u00a0vinculando nuestra organizaci\u00f3n con empresarios Colombianos que mostraron un inter\u00e9s en hacer de Panam\u00e1 su siguiente socio comercial.\u00a0<\/span><\/p>\n<p><span class=\"gmail-Apple-converted-space\">Ha sido para nosotros muy gratificante ver el inter\u00e9s del gremio empresarial Colombiano por conocer de Panam\u00e1 y las ventajas que como pa\u00eds pudieran hacer de sus empresas una m\u00e1s competitivas.<\/span><\/p>\n<p><span class=\"gmail-Apple-converted-space\">Gracias Bogot\u00e1, un \u00e9xito total.\u00a0<\/span><\/p>\n<\/div>","protected":false},"excerpt":{"rendered":"<p>La Misi\u00f3n Comercial organizada por la C\u00e1mara de Comercio e Industrias de Panam\u00e1 a Bogot\u00e1 fue un \u00e9xito total. Nuestra directora comercial la Lic. Alix Moyron Broce fue quien nos represent\u00f3 en tan prestigioso evento. La delegaci\u00f3n Paname\u00f1a tuvo acercamiento&hellip;<\/p>","protected":false},"author":2,"featured_media":1782,"comment_status":"open","ping_status":"open","sticky":false,"template":"","format":"standard","meta":{"_joinchat":[],"footnotes":""},"categories":[7],"tags":[],"post_series":[],"class_list":["post-1780","post","type-post","status-publish","format-standard","has-post-thumbnail","hentry","category-eventos","entry","has-media"],"_links":{"self":[{"href":"https:\/\/propanama.org\/en\/wp-json\/wp\/v2\/posts\/1780","targetHints":{"allow":["GET"]}}],"collection":[{"href":"https:\/\/propanama.org\/en\/wp-json\/wp\/v2\/posts"}],"about":[{"href":"https:\/\/propanama.org\/en\/wp-json\/wp\/v2\/types\/post"}],"author":[{"embeddable":true,"href":"https:\/\/propanama.org\/en\/wp-json\/wp\/v2\/users\/2"}],"replies":[{"embeddable":true,"href":"https:\/\/propanama.org\/en\/wp-json\/wp\/v2\/comments?post=1780"}],"version-history":[{"count":3,"href":"https:\/\/propanama.org\/en\/wp-json\/wp\/v2\/posts\/1780\/revisions"}],"predecessor-version":[{"id":1785,"href":"https:\/\/propanama.org\/en\/wp-json\/wp\/v2\/posts\/1780\/revisions\/1785"}],"wp:featuredmedia":[{"embeddable":true,"href":"https:\/\/propanama.org\/en\/wp-json\/wp\/v2\/media\/1782"}],"wp:attachment":[{"href":"https:\/\/propanama.org\/en\/wp-json\/wp\/v2\/media?parent=1780"}],"wp:term":[{"taxonomy":"category","embeddable":true,"href":"https:\/\/propanama.org\/en\/wp-json\/wp\/v2\/categories?post=1780"},{"taxonomy":"post_tag","embeddable":true,"href":"https:\/\/propanama.org\/en\/wp-json\/wp\/v2\/tags?post=1780"},{"taxonomy":"post_series","embeddable":true,"href":"https:\/\/propanama.org\/en\/wp-json\/wp\/v2\/post_series?post=1780"}],"curies":[{"name":"wp","href":"https:\/\/api.w.org\/{rel}","templated":true}]}}