{"id":819,"date":"2021-02-04T03:39:20","date_gmt":"2021-02-04T03:39:20","guid":{"rendered":"http:\/\/1punto618.mx\/demo3\/?p=819"},"modified":"2024-06-24T10:35:17","modified_gmt":"2024-06-24T10:35:17","slug":"global-fruit-latam-24-25-y-26-de-marzo-2021","status":"publish","type":"post","link":"https:\/\/propanama.org\/en\/global-fruit-latam-24-25-y-26-de-marzo-2021\/","title":{"rendered":"GLOBAL FRUIT LATAM | MARCH 24, 25 &amp; 26 2021"},"content":{"rendered":"<p>&nbsp;<\/p>\n<p><em><strong>VIRTUAL. <\/strong><\/em>GLOBAL FRUIT LATAMES LA PRIMER FERIA INTERNACIONAL DE NEGOCIOS PARA PRODUCTOS FRESCOS DE LATINOAM\u00c9RICA EN MODALIDAD VIRTUAL.<span class=\"Apple-converted-space\">\u00a0<\/span><\/p>\n<p class=\"p1\">La Organizaci\u00f3n de las Naciones Unidas para la Agricultura y la Alimentaci\u00f3n (FAO) ha nombrado este 2021, como elA\u00f1o Internacional de las Frutas y Verduras.<\/p>\n<p class=\"p1\">Las frutas y verduras pueden fortalecer el sistema inmunol\u00f3gico y ayudar a combatir la desnutrici\u00f3n en todas sus formas.<\/p>\n[3d-flip-book mode=\u00bbfullscreen\u00bb id=\u00bb968&#8243; ][\/3d-flip-book]\n<p>&nbsp;<\/p>\n<p class=\"p1\">\u00a1S\u00famate a esta iniciativa!<\/p>\n<p class=\"p1\">#IYFV2021<\/p>\n","protected":false},"excerpt":{"rendered":"<p>&nbsp; VIRTUAL. GLOBAL FRUIT LATAMES LA PRIMER FERIA INTERNACIONAL DE NEGOCIOS PARA PRODUCTOS FRESCOS DE LATINOAM\u00c9RICA EN MODALIDAD VIRTUAL.\u00a0 La Organizaci\u00f3n de las Naciones Unidas para la Agricultura y la Alimentaci\u00f3n (FAO) ha nombrado este 2021, como elA\u00f1o Internacional de&hellip;<\/p>","protected":false},"author":2,"featured_media":1516,"comment_status":"open","ping_status":"open","sticky":false,"template":"","format":"standard","meta":{"_joinchat":[],"footnotes":""},"categories":[8,7],"tags":[],"post_series":[],"class_list":["post-819","post","type-post","status-publish","format-standard","has-post-thumbnail","hentry","category-en-linea","category-eventos","entry","has-media"],"_links":{"self":[{"href":"https:\/\/propanama.org\/en\/wp-json\/wp\/v2\/posts\/819","targetHints":{"allow":["GET"]}}],"collection":[{"href":"https:\/\/propanama.org\/en\/wp-json\/wp\/v2\/posts"}],"about":[{"href":"https:\/\/propanama.org\/en\/wp-json\/wp\/v2\/types\/post"}],"author":[{"embeddable":true,"href":"https:\/\/propanama.org\/en\/wp-json\/wp\/v2\/users\/2"}],"replies":[{"embeddable":true,"href":"https:\/\/propanama.org\/en\/wp-json\/wp\/v2\/comments?post=819"}],"version-history":[{"count":7,"href":"https:\/\/propanama.org\/en\/wp-json\/wp\/v2\/posts\/819\/revisions"}],"predecessor-version":[{"id":3371,"href":"https:\/\/propanama.org\/en\/wp-json\/wp\/v2\/posts\/819\/revisions\/3371"}],"wp:featuredmedia":[{"embeddable":true,"href":"https:\/\/propanama.org\/en\/wp-json\/wp\/v2\/media\/1516"}],"wp:attachment":[{"href":"https:\/\/propanama.org\/en\/wp-json\/wp\/v2\/media?parent=819"}],"wp:term":[{"taxonomy":"category","embeddable":true,"href":"https:\/\/propanama.org\/en\/wp-json\/wp\/v2\/categories?post=819"},{"taxonomy":"post_tag","embeddable":true,"href":"https:\/\/propanama.org\/en\/wp-json\/wp\/v2\/tags?post=819"},{"taxonomy":"post_series","embeddable":true,"href":"https:\/\/propanama.org\/en\/wp-json\/wp\/v2\/post_series?post=819"}],"curies":[{"name":"wp","href":"https:\/\/api.w.org\/{rel}","templated":true}]}}